{"id":26976,"date":"2017-08-09T14:25:39","date_gmt":"2017-08-09T12:25:39","guid":{"rendered":"https:\/\/www.tjashagafner.ch\/?p=26976"},"modified":"2024-11-27T14:36:16","modified_gmt":"2024-11-27T13:36:16","slug":"magnifique-recital-de-harpe","status":"publish","type":"post","link":"https:\/\/www.tjashagafner.ch\/en\/magnifique-recital-de-harpe\/","title":{"rendered":"Magnifique r\u00e9cital de harpe"},"content":{"rendered":"\t\t<div data-elementor-type=\"wp-post\" data-elementor-id=\"26976\" class=\"elementor elementor-26976\">\n\t\t\t\t\t\t<section class=\"elementor-section elementor-top-section elementor-element elementor-element-7c099bad elementor-section-boxed elementor-section-height-default elementor-section-height-default sc_fly_static\" data-id=\"7c099bad\" data-element_type=\"section\">\n\t\t\t\t\t\t<div class=\"elementor-container elementor-column-gap-extended\">\n\t\t\t\t\t<div class=\"elementor-column elementor-col-100 elementor-top-column elementor-element elementor-element-1716f38a sc_inner_width_none sc_content_align_inherit sc_layouts_column_icons_position_left sc_fly_static\" data-id=\"1716f38a\" data-element_type=\"column\">\n\t\t\t<div class=\"elementor-widget-wrap elementor-element-populated\">\n\t\t\t\t\t\t<div class=\"elementor-element elementor-element-b729b76 sc_fly_static elementor-widget elementor-widget-heading\" data-id=\"b729b76\" data-element_type=\"widget\" data-widget_type=\"heading.default\">\n\t\t\t\t<div class=\"elementor-widget-container\">\n\t\t\t<h2 class=\"elementor-heading-title elementor-size-default\">La Nouvelle R\u00e9publique<\/h2>\t\t<\/div>\n\t\t\t\t<\/div>\n\t\t\t\t<div class=\"elementor-element elementor-element-17fd4b7 sc_fly_static elementor-widget elementor-widget-spacer\" data-id=\"17fd4b7\" data-element_type=\"widget\" data-widget_type=\"spacer.default\">\n\t\t\t\t<div class=\"elementor-widget-container\">\n\t\t\t\t\t<div class=\"elementor-spacer\">\n\t\t\t<div class=\"elementor-spacer-inner\"><\/div>\n\t\t<\/div>\n\t\t\t\t<\/div>\n\t\t\t\t<\/div>\n\t\t\t\t<div class=\"elementor-element elementor-element-bd17e75 sc_fly_static elementor-widget elementor-widget-heading\" data-id=\"bd17e75\" data-element_type=\"widget\" data-widget_type=\"heading.default\">\n\t\t\t\t<div class=\"elementor-widget-container\">\n\t\t\t<h5 class=\"elementor-heading-title elementor-size-default\">(France)<\/h5>\t\t<\/div>\n\t\t\t\t<\/div>\n\t\t\t\t\t<\/div>\n\t\t<\/div>\n\t\t\t\t\t<\/div>\n\t\t<\/section>\n\t\t\t\t<section class=\"elementor-section elementor-top-section elementor-element elementor-element-ed44ba3 elementor-section-boxed elementor-section-height-default elementor-section-height-default sc_fly_static\" data-id=\"ed44ba3\" data-element_type=\"section\">\n\t\t\t\t\t\t<div class=\"elementor-container elementor-column-gap-extended\">\n\t\t\t\t\t<div class=\"elementor-column elementor-col-100 elementor-top-column elementor-element elementor-element-272087a sc_inner_width_none sc_content_align_inherit sc_layouts_column_icons_position_left sc_fly_static\" data-id=\"272087a\" data-element_type=\"column\">\n\t\t\t<div class=\"elementor-widget-wrap elementor-element-populated\">\n\t\t\t\t\t\t<div class=\"elementor-element elementor-element-d146b64 sc_fly_static elementor-widget elementor-widget-spacer\" data-id=\"d146b64\" data-element_type=\"widget\" data-widget_type=\"spacer.default\">\n\t\t\t\t<div class=\"elementor-widget-container\">\n\t\t\t\t\t<div class=\"elementor-spacer\">\n\t\t\t<div class=\"elementor-spacer-inner\"><\/div>\n\t\t<\/div>\n\t\t\t\t<\/div>\n\t\t\t\t<\/div>\n\t\t\t\t<div class=\"elementor-element elementor-element-d744ead sc_fly_static elementor-widget elementor-widget-text-editor\" data-id=\"d744ead\" data-element_type=\"widget\" data-widget_type=\"text-editor.default\">\n\t\t\t\t<div class=\"elementor-widget-container\">\n\t\t\t\t\t\t\t<p>Dans le cadre du 50<sup>e <\/sup>Festival d\u2019\u00e9t\u00e9 de Gargilesse, Tjasha Gafner et Agn\u00e8s Cl\u00e9ment ont donn\u00e9 un remarquable r\u00e9cital de harpe dans le clo\u00eetre de l\u2019abbaye de La Pr\u00e9e, dimanche dernier. Sous les vo\u00fbtes quelque peu aust\u00e8res de ce lieu de pri\u00e8re\u2026<\/p>\t\t\t\t\t\t<\/div>\n\t\t\t\t<\/div>\n\t\t\t\t\t<\/div>\n\t\t<\/div>\n\t\t\t\t\t<\/div>\n\t\t<\/section>\n\t\t\t\t<section class=\"elementor-section elementor-top-section elementor-element elementor-element-b35c410 scheme_default elementor-section-boxed elementor-section-height-default elementor-section-height-default sc_fly_static\" data-id=\"b35c410\" data-element_type=\"section\">\n\t\t\t\t\t\t<div class=\"elementor-container elementor-column-gap-extended\">\n\t\t\t\t\t<div class=\"elementor-column elementor-col-100 elementor-top-column elementor-element elementor-element-74e8f47 scheme_default sc_inner_width_none sc_content_align_inherit sc_layouts_column_icons_position_left sc_fly_static\" data-id=\"74e8f47\" data-element_type=\"column\">\n\t\t\t<div class=\"elementor-widget-wrap elementor-element-populated\">\n\t\t\t\t\t\t<div class=\"elementor-element elementor-element-2515034 sc_fly_static elementor-widget elementor-widget-spacer\" data-id=\"2515034\" data-element_type=\"widget\" data-widget_type=\"spacer.default\">\n\t\t\t\t<div class=\"elementor-widget-container\">\n\t\t\t\t\t<div class=\"elementor-spacer\">\n\t\t\t<div class=\"elementor-spacer-inner\"><\/div>\n\t\t<\/div>\n\t\t\t\t<\/div>\n\t\t\t\t<\/div>\n\t\t\t\t<div class=\"elementor-element elementor-element-4c10820 elementor-align-center scheme_default sc_fly_static elementor-widget elementor-widget-button\" data-id=\"4c10820\" data-element_type=\"widget\" data-widget_type=\"button.default\">\n\t\t\t\t<div class=\"elementor-widget-container\">\n\t\t\t\t\t<div class=\"elementor-button-wrapper\">\n\t\t\t<a class=\"elementor-button elementor-button-link elementor-size-lg\" href=\"https:\/\/www.lanouvellerepublique.fr\/indre\/commune\/segry\/magnifique-recital-de-harpe-2\" target=\"_blank\">\n\t\t\t\t\t\t<span class=\"elementor-button-content-wrapper\">\n\t\t\t\t\t\t<span class=\"elementor-button-text\">Read more<\/span>\n\t\t<\/span>\n\t\t\t\t\t<\/a>\n\t\t<\/div>\n\t\t\t\t<\/div>\n\t\t\t\t<\/div>\n\t\t\t\t\t<\/div>\n\t\t<\/div>\n\t\t\t\t\t<\/div>\n\t\t<\/section>\n\t\t\t\t<section class=\"elementor-section elementor-top-section elementor-element elementor-element-479aa07 elementor-section-boxed elementor-section-height-default elementor-section-height-default sc_fly_static\" data-id=\"479aa07\" data-element_type=\"section\">\n\t\t\t\t\t\t<div class=\"elementor-container elementor-column-gap-extended\">\n\t\t\t\t\t<div class=\"elementor-column elementor-col-100 elementor-top-column elementor-element elementor-element-4ab6cfb sc_inner_width_none sc_content_align_inherit sc_layouts_column_icons_position_left sc_fly_static\" data-id=\"4ab6cfb\" data-element_type=\"column\">\n\t\t\t<div class=\"elementor-widget-wrap elementor-element-populated\">\n\t\t\t\t\t\t\t<\/div>\n\t\t<\/div>\n\t\t\t\t\t<\/div>\n\t\t<\/section>\n\t\t\t\t<\/div>\n\t\t","protected":false},"excerpt":{"rendered":"<p>La Nouvelle R\u00e9publique (France) Dans le cadre du 50e Festival d\u2019\u00e9t\u00e9 de Gargilesse, Tjasha Gafner et Agn\u00e8s Cl\u00e9ment ont donn\u00e9 un remarquable r\u00e9cital de harpe dans le clo\u00eetre de l\u2019abbaye&hellip;<\/p>\n","protected":false},"author":1,"featured_media":0,"comment_status":"closed","ping_status":"closed","sticky":false,"template":"","format":"standard","meta":{"footnotes":""},"categories":[260],"tags":[],"class_list":["post-26976","post","type-post","status-publish","format-standard","hentry","category-press"],"yoast_head":"<!-- This site is optimized with the Yoast SEO plugin v25.0 - https:\/\/yoast.com\/wordpress\/plugins\/seo\/ -->\n<title>Magnifique r\u00e9cital de harpe - Tjasha Gafner<\/title>\n<meta name=\"robots\" content=\"index, follow, max-snippet:-1, max-image-preview:large, max-video-preview:-1\" \/>\n<link rel=\"canonical\" href=\"https:\/\/www.tjashagafner.ch\/magnifique-recital-de-harpe\/\" \/>\n<meta property=\"og:locale\" content=\"en_US\" \/>\n<meta property=\"og:type\" content=\"article\" \/>\n<meta property=\"og:title\" content=\"Magnifique r\u00e9cital de harpe - Tjasha Gafner\" \/>\n<meta property=\"og:description\" content=\"La Nouvelle R\u00e9publique (France) Dans le cadre du 50e Festival d\u2019\u00e9t\u00e9 de Gargilesse, Tjasha Gafner et Agn\u00e8s Cl\u00e9ment ont donn\u00e9 un remarquable r\u00e9cital de harpe dans le clo\u00eetre de l\u2019abbaye&hellip;\" \/>\n<meta property=\"og:url\" content=\"https:\/\/www.tjashagafner.ch\/magnifique-recital-de-harpe\/\" \/>\n<meta property=\"og:site_name\" content=\"Tjasha Gafner\" \/>\n<meta property=\"article:published_time\" content=\"2017-08-09T12:25:39+00:00\" \/>\n<meta property=\"article:modified_time\" content=\"2024-11-27T13:36:16+00:00\" \/>\n<meta name=\"author\" content=\"konsept\" \/>\n<meta name=\"twitter:card\" content=\"summary_large_image\" \/>\n<meta name=\"twitter:label1\" content=\"Written by\" \/>\n\t<meta name=\"twitter:data1\" content=\"konsept\" \/>\n<script type=\"application\/ld+json\" class=\"yoast-schema-graph\">{\"@context\":\"https:\/\/schema.org\",\"@graph\":[{\"@type\":\"Article\",\"@id\":\"https:\/\/www.tjashagafner.ch\/magnifique-recital-de-harpe\/#article\",\"isPartOf\":{\"@id\":\"https:\/\/www.tjashagafner.ch\/magnifique-recital-de-harpe\/\"},\"author\":{\"name\":\"konsept\",\"@id\":\"https:\/\/www.tjashagafner.ch\/#\/schema\/person\/6af8a7457dcdab6740b5133e2ebd7f82\"},\"headline\":\"Magnifique r\u00e9cital de harpe\",\"datePublished\":\"2017-08-09T12:25:39+00:00\",\"dateModified\":\"2024-11-27T13:36:16+00:00\",\"mainEntityOfPage\":{\"@id\":\"https:\/\/www.tjashagafner.ch\/magnifique-recital-de-harpe\/\"},\"wordCount\":64,\"publisher\":{\"@id\":\"https:\/\/www.tjashagafner.ch\/#organization\"},\"articleSection\":[\"Press\"],\"inLanguage\":\"en-US\"},{\"@type\":\"WebPage\",\"@id\":\"https:\/\/www.tjashagafner.ch\/magnifique-recital-de-harpe\/\",\"url\":\"https:\/\/www.tjashagafner.ch\/magnifique-recital-de-harpe\/\",\"name\":\"Magnifique r\u00e9cital de harpe - Tjasha Gafner\",\"isPartOf\":{\"@id\":\"https:\/\/www.tjashagafner.ch\/#website\"},\"datePublished\":\"2017-08-09T12:25:39+00:00\",\"dateModified\":\"2024-11-27T13:36:16+00:00\",\"breadcrumb\":{\"@id\":\"https:\/\/www.tjashagafner.ch\/magnifique-recital-de-harpe\/#breadcrumb\"},\"inLanguage\":\"en-US\",\"potentialAction\":[{\"@type\":\"ReadAction\",\"target\":[\"https:\/\/www.tjashagafner.ch\/magnifique-recital-de-harpe\/\"]}]},{\"@type\":\"BreadcrumbList\",\"@id\":\"https:\/\/www.tjashagafner.ch\/magnifique-recital-de-harpe\/#breadcrumb\",\"itemListElement\":[{\"@type\":\"ListItem\",\"position\":1,\"name\":\"Home\",\"item\":\"https:\/\/www.tjashagafner.ch\/\"},{\"@type\":\"ListItem\",\"position\":2,\"name\":\"Magnifique r\u00e9cital de harpe\"}]},{\"@type\":\"WebSite\",\"@id\":\"https:\/\/www.tjashagafner.ch\/#website\",\"url\":\"https:\/\/www.tjashagafner.ch\/\",\"name\":\"Tjasha Gafner\",\"description\":\"Harpiste\",\"publisher\":{\"@id\":\"https:\/\/www.tjashagafner.ch\/#organization\"},\"potentialAction\":[{\"@type\":\"SearchAction\",\"target\":{\"@type\":\"EntryPoint\",\"urlTemplate\":\"https:\/\/www.tjashagafner.ch\/?s={search_term_string}\"},\"query-input\":{\"@type\":\"PropertyValueSpecification\",\"valueRequired\":true,\"valueName\":\"search_term_string\"}}],\"inLanguage\":\"en-US\"},{\"@type\":\"Organization\",\"@id\":\"https:\/\/www.tjashagafner.ch\/#organization\",\"name\":\"Tjasha Gafner\",\"url\":\"https:\/\/www.tjashagafner.ch\/\",\"logo\":{\"@type\":\"ImageObject\",\"inLanguage\":\"en-US\",\"@id\":\"https:\/\/www.tjashagafner.ch\/#\/schema\/logo\/image\/\",\"url\":\"https:\/\/www.tjashagafner.ch\/wp-content\/uploads\/2024\/02\/logo-DEFDEF.png\",\"contentUrl\":\"https:\/\/www.tjashagafner.ch\/wp-content\/uploads\/2024\/02\/logo-DEFDEF.png\",\"width\":190,\"height\":90,\"caption\":\"Tjasha Gafner\"},\"image\":{\"@id\":\"https:\/\/www.tjashagafner.ch\/#\/schema\/logo\/image\/\"}},{\"@type\":\"Person\",\"@id\":\"https:\/\/www.tjashagafner.ch\/#\/schema\/person\/6af8a7457dcdab6740b5133e2ebd7f82\",\"name\":\"konsept\",\"image\":{\"@type\":\"ImageObject\",\"inLanguage\":\"en-US\",\"@id\":\"https:\/\/www.tjashagafner.ch\/#\/schema\/person\/image\/\",\"url\":\"https:\/\/secure.gravatar.com\/avatar\/5304e4ba3ba2cde7279a4fad699d12cf49584191e073115b7e717caa9363b3b8?s=96&d=mm&r=g\",\"contentUrl\":\"https:\/\/secure.gravatar.com\/avatar\/5304e4ba3ba2cde7279a4fad699d12cf49584191e073115b7e717caa9363b3b8?s=96&d=mm&r=g\",\"caption\":\"konsept\"},\"sameAs\":[\"https:\/\/www.tjashagafner.ch\"],\"url\":\"https:\/\/www.tjashagafner.ch\/en\/author\/konsept\/\"}]}<\/script>\n<!-- \/ Yoast SEO plugin. -->","yoast_head_json":{"title":"Magnifique r\u00e9cital de harpe - Tjasha Gafner","robots":{"index":"index","follow":"follow","max-snippet":"max-snippet:-1","max-image-preview":"max-image-preview:large","max-video-preview":"max-video-preview:-1"},"canonical":"https:\/\/www.tjashagafner.ch\/magnifique-recital-de-harpe\/","og_locale":"en_US","og_type":"article","og_title":"Magnifique r\u00e9cital de harpe - Tjasha Gafner","og_description":"La Nouvelle R\u00e9publique (France) Dans le cadre du 50e Festival d\u2019\u00e9t\u00e9 de Gargilesse, Tjasha Gafner et Agn\u00e8s Cl\u00e9ment ont donn\u00e9 un remarquable r\u00e9cital de harpe dans le clo\u00eetre de l\u2019abbaye&hellip;","og_url":"https:\/\/www.tjashagafner.ch\/magnifique-recital-de-harpe\/","og_site_name":"Tjasha Gafner","article_published_time":"2017-08-09T12:25:39+00:00","article_modified_time":"2024-11-27T13:36:16+00:00","author":"konsept","twitter_card":"summary_large_image","twitter_misc":{"Written by":"konsept"},"schema":{"@context":"https:\/\/schema.org","@graph":[{"@type":"Article","@id":"https:\/\/www.tjashagafner.ch\/magnifique-recital-de-harpe\/#article","isPartOf":{"@id":"https:\/\/www.tjashagafner.ch\/magnifique-recital-de-harpe\/"},"author":{"name":"konsept","@id":"https:\/\/www.tjashagafner.ch\/#\/schema\/person\/6af8a7457dcdab6740b5133e2ebd7f82"},"headline":"Magnifique r\u00e9cital de harpe","datePublished":"2017-08-09T12:25:39+00:00","dateModified":"2024-11-27T13:36:16+00:00","mainEntityOfPage":{"@id":"https:\/\/www.tjashagafner.ch\/magnifique-recital-de-harpe\/"},"wordCount":64,"publisher":{"@id":"https:\/\/www.tjashagafner.ch\/#organization"},"articleSection":["Press"],"inLanguage":"en-US"},{"@type":"WebPage","@id":"https:\/\/www.tjashagafner.ch\/magnifique-recital-de-harpe\/","url":"https:\/\/www.tjashagafner.ch\/magnifique-recital-de-harpe\/","name":"Magnifique r\u00e9cital de harpe - Tjasha Gafner","isPartOf":{"@id":"https:\/\/www.tjashagafner.ch\/#website"},"datePublished":"2017-08-09T12:25:39+00:00","dateModified":"2024-11-27T13:36:16+00:00","breadcrumb":{"@id":"https:\/\/www.tjashagafner.ch\/magnifique-recital-de-harpe\/#breadcrumb"},"inLanguage":"en-US","potentialAction":[{"@type":"ReadAction","target":["https:\/\/www.tjashagafner.ch\/magnifique-recital-de-harpe\/"]}]},{"@type":"BreadcrumbList","@id":"https:\/\/www.tjashagafner.ch\/magnifique-recital-de-harpe\/#breadcrumb","itemListElement":[{"@type":"ListItem","position":1,"name":"Home","item":"https:\/\/www.tjashagafner.ch\/"},{"@type":"ListItem","position":2,"name":"Magnifique r\u00e9cital de harpe"}]},{"@type":"WebSite","@id":"https:\/\/www.tjashagafner.ch\/#website","url":"https:\/\/www.tjashagafner.ch\/","name":"Tjasha Gafner","description":"Harpiste","publisher":{"@id":"https:\/\/www.tjashagafner.ch\/#organization"},"potentialAction":[{"@type":"SearchAction","target":{"@type":"EntryPoint","urlTemplate":"https:\/\/www.tjashagafner.ch\/?s={search_term_string}"},"query-input":{"@type":"PropertyValueSpecification","valueRequired":true,"valueName":"search_term_string"}}],"inLanguage":"en-US"},{"@type":"Organization","@id":"https:\/\/www.tjashagafner.ch\/#organization","name":"Tjasha Gafner","url":"https:\/\/www.tjashagafner.ch\/","logo":{"@type":"ImageObject","inLanguage":"en-US","@id":"https:\/\/www.tjashagafner.ch\/#\/schema\/logo\/image\/","url":"https:\/\/www.tjashagafner.ch\/wp-content\/uploads\/2024\/02\/logo-DEFDEF.png","contentUrl":"https:\/\/www.tjashagafner.ch\/wp-content\/uploads\/2024\/02\/logo-DEFDEF.png","width":190,"height":90,"caption":"Tjasha Gafner"},"image":{"@id":"https:\/\/www.tjashagafner.ch\/#\/schema\/logo\/image\/"}},{"@type":"Person","@id":"https:\/\/www.tjashagafner.ch\/#\/schema\/person\/6af8a7457dcdab6740b5133e2ebd7f82","name":"konsept","image":{"@type":"ImageObject","inLanguage":"en-US","@id":"https:\/\/www.tjashagafner.ch\/#\/schema\/person\/image\/","url":"https:\/\/secure.gravatar.com\/avatar\/5304e4ba3ba2cde7279a4fad699d12cf49584191e073115b7e717caa9363b3b8?s=96&d=mm&r=g","contentUrl":"https:\/\/secure.gravatar.com\/avatar\/5304e4ba3ba2cde7279a4fad699d12cf49584191e073115b7e717caa9363b3b8?s=96&d=mm&r=g","caption":"konsept"},"sameAs":["https:\/\/www.tjashagafner.ch"],"url":"https:\/\/www.tjashagafner.ch\/en\/author\/konsept\/"}]}},"_links":{"self":[{"href":"https:\/\/www.tjashagafner.ch\/en\/wp-json\/wp\/v2\/posts\/26976","targetHints":{"allow":["GET"]}}],"collection":[{"href":"https:\/\/www.tjashagafner.ch\/en\/wp-json\/wp\/v2\/posts"}],"about":[{"href":"https:\/\/www.tjashagafner.ch\/en\/wp-json\/wp\/v2\/types\/post"}],"author":[{"embeddable":true,"href":"https:\/\/www.tjashagafner.ch\/en\/wp-json\/wp\/v2\/users\/1"}],"replies":[{"embeddable":true,"href":"https:\/\/www.tjashagafner.ch\/en\/wp-json\/wp\/v2\/comments?post=26976"}],"version-history":[{"count":4,"href":"https:\/\/www.tjashagafner.ch\/en\/wp-json\/wp\/v2\/posts\/26976\/revisions"}],"predecessor-version":[{"id":26980,"href":"https:\/\/www.tjashagafner.ch\/en\/wp-json\/wp\/v2\/posts\/26976\/revisions\/26980"}],"wp:attachment":[{"href":"https:\/\/www.tjashagafner.ch\/en\/wp-json\/wp\/v2\/media?parent=26976"}],"wp:term":[{"taxonomy":"category","embeddable":true,"href":"https:\/\/www.tjashagafner.ch\/en\/wp-json\/wp\/v2\/categories?post=26976"},{"taxonomy":"post_tag","embeddable":true,"href":"https:\/\/www.tjashagafner.ch\/en\/wp-json\/wp\/v2\/tags?post=26976"}],"curies":[{"name":"wp","href":"https:\/\/api.w.org\/{rel}","templated":true}]}}